{"id":1484,"date":"2023-01-05T22:22:00","date_gmt":"2023-01-05T21:22:00","guid":{"rendered":"http:\/\/latelierdemassieux.fr\/?p=1484"},"modified":"2023-01-10T13:53:06","modified_gmt":"2023-01-10T12:53:06","slug":"atelier-coeur-pedagogie-positive","status":"publish","type":"post","link":"https:\/\/latelierdemassieux.fr\/index.php\/2023\/01\/05\/atelier-coeur-pedagogie-positive\/","title":{"rendered":"Atelier c\u0153ur P\u00e9dagogie Positive"},"content":{"rendered":"\n<figure class=\"wp-block-image size-large\"><img loading=\"lazy\" decoding=\"async\" width=\"1004\" height=\"1024\" src=\"http:\/\/latelierdemassieux.fr\/wp-content\/uploads\/2023\/01\/Arbre-de-vie-1004x1024.png\" alt=\"\" class=\"wp-image-1485\" srcset=\"https:\/\/latelierdemassieux.fr\/wp-content\/uploads\/2023\/01\/Arbre-de-vie-1004x1024.png 1004w, https:\/\/latelierdemassieux.fr\/wp-content\/uploads\/2023\/01\/Arbre-de-vie-294x300.png 294w, https:\/\/latelierdemassieux.fr\/wp-content\/uploads\/2023\/01\/Arbre-de-vie-768x783.png 768w, https:\/\/latelierdemassieux.fr\/wp-content\/uploads\/2023\/01\/Arbre-de-vie-1200x1224.png 1200w, https:\/\/latelierdemassieux.fr\/wp-content\/uploads\/2023\/01\/Arbre-de-vie.png 1255w\" sizes=\"auto, (max-width: 1004px) 100vw, 1004px\" \/><\/figure>\n\n\n\n<p>Ateliers ados adultes&nbsp;:<\/p>\n\n\n\n<p>Mercredi 11 janvier 2023 Atelier c\u0153ur&nbsp;: Connaissance de soi<\/p>\n\n\n\n<p>L\u2019arbre repr\u00e9sente symboliquement notre chemin de vie, nos d\u00e9cisions et leurs cons\u00e9quences. Il met en lumi\u00e8re nos qualit\u00e9s, nos atouts, nos croyances. Bref, tous les \u00e9v\u00e9nements de notre vie qui jalonnent notre parcours personnel ou professionnel.<\/p>\n\n\n\n<p>Issu de l\u2019approche narrative, l\u2019arbre de vie est un outil de d\u00e9veloppement personnel.&nbsp;Il est bas\u00e9 sur la m\u00e9taphore de l\u2019Arbre et permet de faire \u00e9merger les comp\u00e9tences et les ressources. L\u2019Arbre se construit en 6 \u00e9tapes apr\u00e8s en avoir trac\u00e9 sur une feuille ses contours. On visite ainsi au fil de l\u2019atelier les racines, le sol, le tronc, les branches, les feuilles et les fruits qui symbolisent le pass\u00e9, le pr\u00e9sent et le futur.<\/p>\n\n\n\n<p>Chacun r\u00e9alisera son arbre et le pr\u00e9sentera s\u2019il le souhaite au groupe.<\/p>\n\n\n\n<p>Inscription&nbsp;: <a href=\"mailto:latelierdemassieux@gmail.com\">latelierdemassieux@gmail.com<\/a> ou 06.83.26.46.53<\/p>\n\n\n\n<p>Co\u00fbt: 35\u20ac par personne (adh\u00e9sion \u00e0 l&rsquo;association comprise)<\/p>\n","protected":false},"excerpt":{"rendered":"<p>Ateliers ados adultes&nbsp;: Mercredi 11 janvier 2023 Atelier c\u0153ur&nbsp;: Connaissance de soi L\u2019arbre repr\u00e9sente symboliquement notre chemin de vie, nos d\u00e9cisions et leurs cons\u00e9quences. Il met en lumi\u00e8re nos qualit\u00e9s, nos atouts, nos croyances. Bref, tous les \u00e9v\u00e9nements de notre vie qui jalonnent notre parcours personnel ou professionnel. Issu de l\u2019approche narrative, l\u2019arbre de vie [&hellip;]<\/p>\n","protected":false},"author":1,"featured_media":0,"comment_status":"open","ping_status":"open","sticky":false,"template":"","format":"standard","meta":{"iawp_total_views":0,"footnotes":""},"categories":[7],"tags":[],"class_list":["post-1484","post","type-post","status-publish","format-standard","hentry","category-blog-pedagogie-positive"],"_links":{"self":[{"href":"https:\/\/latelierdemassieux.fr\/index.php\/wp-json\/wp\/v2\/posts\/1484","targetHints":{"allow":["GET"]}}],"collection":[{"href":"https:\/\/latelierdemassieux.fr\/index.php\/wp-json\/wp\/v2\/posts"}],"about":[{"href":"https:\/\/latelierdemassieux.fr\/index.php\/wp-json\/wp\/v2\/types\/post"}],"author":[{"embeddable":true,"href":"https:\/\/latelierdemassieux.fr\/index.php\/wp-json\/wp\/v2\/users\/1"}],"replies":[{"embeddable":true,"href":"https:\/\/latelierdemassieux.fr\/index.php\/wp-json\/wp\/v2\/comments?post=1484"}],"version-history":[{"count":4,"href":"https:\/\/latelierdemassieux.fr\/index.php\/wp-json\/wp\/v2\/posts\/1484\/revisions"}],"predecessor-version":[{"id":1489,"href":"https:\/\/latelierdemassieux.fr\/index.php\/wp-json\/wp\/v2\/posts\/1484\/revisions\/1489"}],"wp:attachment":[{"href":"https:\/\/latelierdemassieux.fr\/index.php\/wp-json\/wp\/v2\/media?parent=1484"}],"wp:term":[{"taxonomy":"category","embeddable":true,"href":"https:\/\/latelierdemassieux.fr\/index.php\/wp-json\/wp\/v2\/categories?post=1484"},{"taxonomy":"post_tag","embeddable":true,"href":"https:\/\/latelierdemassieux.fr\/index.php\/wp-json\/wp\/v2\/tags?post=1484"}],"curies":[{"name":"wp","href":"https:\/\/api.w.org\/{rel}","templated":true}]}}