{"id":1605,"date":"2023-02-25T18:59:00","date_gmt":"2023-02-25T17:59:00","guid":{"rendered":"http:\/\/latelierdemassieux.fr\/?p=1605"},"modified":"2023-02-25T18:59:00","modified_gmt":"2023-02-25T17:59:00","slug":"salon-des-vins","status":"publish","type":"post","link":"https:\/\/latelierdemassieux.fr\/index.php\/2023\/02\/25\/salon-des-vins\/","title":{"rendered":"Salon des vins"},"content":{"rendered":"\n<p><strong>Les portes de l\u2019Espace Jean Vilar de Neuville\/Sa\u00f4ne s\u2019ouvriront les 4 et 5 mars prochains pour le 29<sup>e<\/sup> salon des vins.<\/strong><\/p>\n\n\n\n<div class=\"wp-block-image\"><figure class=\"aligncenter size-large\"><img loading=\"lazy\" decoding=\"async\" width=\"189\" height=\"267\" src=\"http:\/\/latelierdemassieux.fr\/wp-content\/uploads\/2023\/02\/index.jpg\" alt=\"\" class=\"wp-image-1606\"\/><\/figure><\/div>\n\n\n\n<p><strong>Cette ann\u00e9e encore, de nombreux vignerons vous feront d\u00e9guster leur production et partageront avec vous leur passion et leur savoir-faire. Si vous souhaitez vous y rendre, vous pourriez vous retrouver en toute convivialit\u00e9 soit le samedi de 10h \u00e0 19h30 ou le dimanche de 10h \u00e0 18h.<\/strong><\/p>\n\n\n\n<p><strong>Alors, prenez-contact entre vous\u00a0!<\/strong><\/p>\n\n\n\n<p>Alain<\/p>\n","protected":false},"excerpt":{"rendered":"<p>Les portes de l\u2019Espace Jean Vilar de Neuville\/Sa\u00f4ne s\u2019ouvriront les 4 et 5 mars prochains pour le 29e salon des vins. Cette ann\u00e9e encore, de nombreux vignerons vous feront d\u00e9guster leur production et partageront avec vous leur passion et leur savoir-faire. Si vous souhaitez vous y rendre, vous pourriez vous retrouver en toute convivialit\u00e9 soit [&hellip;]<\/p>\n","protected":false},"author":1,"featured_media":0,"comment_status":"open","ping_status":"open","sticky":false,"template":"","format":"standard","meta":{"iawp_total_views":1,"footnotes":""},"categories":[5],"tags":[],"class_list":["post-1605","post","type-post","status-publish","format-standard","hentry","category-blog-oeno"],"_links":{"self":[{"href":"https:\/\/latelierdemassieux.fr\/index.php\/wp-json\/wp\/v2\/posts\/1605","targetHints":{"allow":["GET"]}}],"collection":[{"href":"https:\/\/latelierdemassieux.fr\/index.php\/wp-json\/wp\/v2\/posts"}],"about":[{"href":"https:\/\/latelierdemassieux.fr\/index.php\/wp-json\/wp\/v2\/types\/post"}],"author":[{"embeddable":true,"href":"https:\/\/latelierdemassieux.fr\/index.php\/wp-json\/wp\/v2\/users\/1"}],"replies":[{"embeddable":true,"href":"https:\/\/latelierdemassieux.fr\/index.php\/wp-json\/wp\/v2\/comments?post=1605"}],"version-history":[{"count":1,"href":"https:\/\/latelierdemassieux.fr\/index.php\/wp-json\/wp\/v2\/posts\/1605\/revisions"}],"predecessor-version":[{"id":1607,"href":"https:\/\/latelierdemassieux.fr\/index.php\/wp-json\/wp\/v2\/posts\/1605\/revisions\/1607"}],"wp:attachment":[{"href":"https:\/\/latelierdemassieux.fr\/index.php\/wp-json\/wp\/v2\/media?parent=1605"}],"wp:term":[{"taxonomy":"category","embeddable":true,"href":"https:\/\/latelierdemassieux.fr\/index.php\/wp-json\/wp\/v2\/categories?post=1605"},{"taxonomy":"post_tag","embeddable":true,"href":"https:\/\/latelierdemassieux.fr\/index.php\/wp-json\/wp\/v2\/tags?post=1605"}],"curies":[{"name":"wp","href":"https:\/\/api.w.org\/{rel}","templated":true}]}}