{"id":1623,"date":"2023-03-19T22:39:37","date_gmt":"2023-03-19T21:39:37","guid":{"rendered":"http:\/\/latelierdemassieux.fr\/?p=1623"},"modified":"2023-03-23T19:01:23","modified_gmt":"2023-03-23T18:01:23","slug":"seance-oenologie-22-mars","status":"publish","type":"post","link":"https:\/\/latelierdemassieux.fr\/index.php\/2023\/03\/19\/seance-oenologie-22-mars\/","title":{"rendered":"S\u00e9ance \u0153nologie 22 mars"},"content":{"rendered":"\n<p><strong><span class=\"has-inline-color has-accent-color\">CAP SUR LES VINS BLANCS DE BOURGOGNE<\/span><\/strong><\/p>\n\n\n\n<p>La Bourgogne, par la richesse de ses vins, offre une quantit\u00e9 in\u00e9puisable de th\u00e9matiques.<br>Nous vous faisons r\u00e9guli\u00e8rement quelques suggestions. Voici la toute derni\u00e8re d\u2019entre elles, \u00e0 l&rsquo;affiche de notre prochaine s\u00e9ance du 22 mars, consacr\u00e9e <strong><span class=\"has-inline-color has-accent-color\">aux vins blancs de Bourgogne.<\/span><\/strong><\/p>\n\n\n\n<figure class=\"wp-block-gallery columns-1 is-cropped wp-block-gallery-1 is-layout-flex wp-block-gallery-is-layout-flex\"><ul class=\"blocks-gallery-grid\"><li class=\"blocks-gallery-item\"><figure><img loading=\"lazy\" decoding=\"async\" width=\"757\" height=\"707\" src=\"http:\/\/latelierdemassieux.fr\/wp-content\/uploads\/2023\/03\/01x570tt.png\" alt=\"\" data-id=\"1625\" class=\"wp-image-1625\" srcset=\"https:\/\/latelierdemassieux.fr\/wp-content\/uploads\/2023\/03\/01x570tt.png 757w, https:\/\/latelierdemassieux.fr\/wp-content\/uploads\/2023\/03\/01x570tt-300x280.png 300w\" sizes=\"auto, (max-width: 757px) 100vw, 757px\" \/><\/figure><\/li><\/ul><\/figure>\n\n\n\n<p>La d\u00e9gustation&nbsp;des vins s\u00e9lectionn\u00e9s, tous issus du c\u00e9page <em>chardonnay<\/em>, illustrera la diversit\u00e9 des vins que l\u2019on peut trouver dans le Chablisien, en C\u00f4te de Beaune, dans la C\u00f4te Chalonnaise et dans le M\u00e2connais.<\/p>\n\n\n\n<figure class=\"wp-block-gallery columns-2 is-cropped wp-block-gallery-2 is-layout-flex wp-block-gallery-is-layout-flex\"><ul class=\"blocks-gallery-grid\"><li class=\"blocks-gallery-item\"><figure><img loading=\"lazy\" decoding=\"async\" width=\"1024\" height=\"453\" src=\"http:\/\/latelierdemassieux.fr\/wp-content\/uploads\/2023\/03\/Vignes-Climats-1024x453.jpg\" alt=\"\" data-id=\"1628\" data-full-url=\"http:\/\/latelierdemassieux.fr\/wp-content\/uploads\/2023\/03\/Vignes-Climats.jpg\" data-link=\"http:\/\/latelierdemassieux.fr\/?attachment_id=1628\" class=\"wp-image-1628\" srcset=\"https:\/\/latelierdemassieux.fr\/wp-content\/uploads\/2023\/03\/Vignes-Climats-1024x453.jpg 1024w, https:\/\/latelierdemassieux.fr\/wp-content\/uploads\/2023\/03\/Vignes-Climats-300x133.jpg 300w, https:\/\/latelierdemassieux.fr\/wp-content\/uploads\/2023\/03\/Vignes-Climats-768x340.jpg 768w, https:\/\/latelierdemassieux.fr\/wp-content\/uploads\/2023\/03\/Vignes-Climats.jpg 1200w\" sizes=\"auto, (max-width: 1024px) 100vw, 1024px\" \/><\/figure><\/li><li class=\"blocks-gallery-item\"><figure><img loading=\"lazy\" decoding=\"async\" width=\"1024\" height=\"551\" src=\"http:\/\/latelierdemassieux.fr\/wp-content\/uploads\/2023\/03\/roche_de_solutre_crichard_semik-1-1024x551.jpg\" alt=\"\" data-id=\"1627\" data-full-url=\"http:\/\/latelierdemassieux.fr\/wp-content\/uploads\/2023\/03\/roche_de_solutre_crichard_semik-1.jpg\" data-link=\"http:\/\/latelierdemassieux.fr\/?attachment_id=1627\" class=\"wp-image-1627\" srcset=\"https:\/\/latelierdemassieux.fr\/wp-content\/uploads\/2023\/03\/roche_de_solutre_crichard_semik-1-1024x551.jpg 1024w, https:\/\/latelierdemassieux.fr\/wp-content\/uploads\/2023\/03\/roche_de_solutre_crichard_semik-1-300x161.jpg 300w, https:\/\/latelierdemassieux.fr\/wp-content\/uploads\/2023\/03\/roche_de_solutre_crichard_semik-1-768x413.jpg 768w, https:\/\/latelierdemassieux.fr\/wp-content\/uploads\/2023\/03\/roche_de_solutre_crichard_semik-1-1200x645.jpg 1200w, https:\/\/latelierdemassieux.fr\/wp-content\/uploads\/2023\/03\/roche_de_solutre_crichard_semik-1.jpg 1250w\" sizes=\"auto, (max-width: 1024px) 100vw, 1024px\" \/><\/figure><\/li><\/ul><\/figure>\n\n\n\n<p>Nous vous souhaitons de belles d\u00e9couvertes&nbsp;et une bonne d\u00e9gustation !<br>Alain.<\/p>\n","protected":false},"excerpt":{"rendered":"<p>CAP SUR LES VINS BLANCS DE BOURGOGNE La Bourgogne, par la richesse de ses vins, offre une quantit\u00e9 in\u00e9puisable de th\u00e9matiques.Nous vous faisons r\u00e9guli\u00e8rement quelques suggestions. Voici la toute derni\u00e8re d\u2019entre elles, \u00e0 l&rsquo;affiche de notre prochaine s\u00e9ance du 22 mars, consacr\u00e9e aux vins blancs de Bourgogne. La d\u00e9gustation&nbsp;des vins s\u00e9lectionn\u00e9s, tous issus du c\u00e9page [&hellip;]<\/p>\n","protected":false},"author":1,"featured_media":0,"comment_status":"open","ping_status":"open","sticky":false,"template":"","format":"standard","meta":{"iawp_total_views":0,"footnotes":""},"categories":[5],"tags":[],"class_list":["post-1623","post","type-post","status-publish","format-standard","hentry","category-blog-oeno"],"_links":{"self":[{"href":"https:\/\/latelierdemassieux.fr\/index.php\/wp-json\/wp\/v2\/posts\/1623","targetHints":{"allow":["GET"]}}],"collection":[{"href":"https:\/\/latelierdemassieux.fr\/index.php\/wp-json\/wp\/v2\/posts"}],"about":[{"href":"https:\/\/latelierdemassieux.fr\/index.php\/wp-json\/wp\/v2\/types\/post"}],"author":[{"embeddable":true,"href":"https:\/\/latelierdemassieux.fr\/index.php\/wp-json\/wp\/v2\/users\/1"}],"replies":[{"embeddable":true,"href":"https:\/\/latelierdemassieux.fr\/index.php\/wp-json\/wp\/v2\/comments?post=1623"}],"version-history":[{"count":4,"href":"https:\/\/latelierdemassieux.fr\/index.php\/wp-json\/wp\/v2\/posts\/1623\/revisions"}],"predecessor-version":[{"id":1633,"href":"https:\/\/latelierdemassieux.fr\/index.php\/wp-json\/wp\/v2\/posts\/1623\/revisions\/1633"}],"wp:attachment":[{"href":"https:\/\/latelierdemassieux.fr\/index.php\/wp-json\/wp\/v2\/media?parent=1623"}],"wp:term":[{"taxonomy":"category","embeddable":true,"href":"https:\/\/latelierdemassieux.fr\/index.php\/wp-json\/wp\/v2\/categories?post=1623"},{"taxonomy":"post_tag","embeddable":true,"href":"https:\/\/latelierdemassieux.fr\/index.php\/wp-json\/wp\/v2\/tags?post=1623"}],"curies":[{"name":"wp","href":"https:\/\/api.w.org\/{rel}","templated":true}]}}