{"id":2567,"date":"2024-03-09T21:33:00","date_gmt":"2024-03-09T20:33:00","guid":{"rendered":"http:\/\/latelierdemassieux.fr\/?p=2567"},"modified":"2024-04-04T18:50:39","modified_gmt":"2024-04-04T16:50:39","slug":"seance-du-13-mars","status":"publish","type":"post","link":"https:\/\/latelierdemassieux.fr\/index.php\/2024\/03\/09\/seance-du-13-mars\/","title":{"rendered":"S\u00e9ance du 13 mars"},"content":{"rendered":"\n<p> Nous avions pr\u00e9vu d&rsquo;organiser notre prochaine s\u00e9ance \u00e0 la Cave by A.W situ\u00e9e \u00e0 Tr\u00e9voux. Oui, mais voil\u00e0 qu&rsquo;un petit contretemps est venu contrarier nos plans et nous devons d\u00e9sormais annuler cette soir\u00e9e. <\/p>\n\n\n\n<p><strong>Je vous propose donc de <u>nous retrouver le mercredi 13 mars \u00e0 la salle habituelle de Massieux<\/u>&nbsp;pour une s\u00e9ance improvis\u00e9e<\/strong> : apprendre \u00e0 d\u00e9guster \u00ab \u00e0 l\u2019aveugle \u00bb : se fier \u00e0 son nez et ses papilles pour reconna\u00eetre un style de vin et tirer quelques informations sur ses origines, ses c\u00e9pages, son mill\u00e9sime. <\/p>\n\n\n\n<div class=\"wp-block-image\"><figure class=\"aligncenter size-large is-resized\"><img loading=\"lazy\" decoding=\"async\" src=\"http:\/\/latelierdemassieux.fr\/wp-content\/uploads\/2024\/03\/PHOTO.png\" alt=\"\" class=\"wp-image-2568\" width=\"325\" height=\"165\" srcset=\"https:\/\/latelierdemassieux.fr\/wp-content\/uploads\/2024\/03\/PHOTO.png 650w, https:\/\/latelierdemassieux.fr\/wp-content\/uploads\/2024\/03\/PHOTO-300x152.png 300w\" sizes=\"auto, (max-width: 325px) 100vw, 325px\" \/><\/figure><\/div>\n\n\n\n<p>Cette m\u00e9thode de d\u00e9gustation est d\u00e9j\u00e0 appr\u00e9ci\u00e9e pour son c\u00f4t\u00e9 ludique. Elle permet aussi de donner toutes ses chances au vin, de ne pas \u00eatre biais\u00e9 par l\u2019\u00e9tiquette et d\u2019\u00e9viter les pr\u00e9jug\u00e9s (renomm\u00e9e de l\u2019appellation, du c\u00e9page, du vigneron). L\u2019humilit\u00e9 est de mise, et tous se retrouvent finalement au m\u00eame niveau. Enfin, elle permet tout simplement de d\u00e9finir si vous aimez ou non un vin. Une s\u00e9ance de d\u00e9gustation \u00e0 l\u2019aveugle que l\u2019on vous souhaite pleine de surprises ! <\/p>\n\n\n\n<p>Alain.<\/p>\n","protected":false},"excerpt":{"rendered":"<p>Nous avions pr\u00e9vu d&rsquo;organiser notre prochaine s\u00e9ance \u00e0 la Cave by A.W situ\u00e9e \u00e0 Tr\u00e9voux. Oui, mais voil\u00e0 qu&rsquo;un petit contretemps est venu contrarier nos plans et nous devons d\u00e9sormais annuler cette soir\u00e9e. Je vous propose donc de nous retrouver le mercredi 13 mars \u00e0 la salle habituelle de Massieux&nbsp;pour une s\u00e9ance improvis\u00e9e : apprendre [&hellip;]<\/p>\n","protected":false},"author":1,"featured_media":0,"comment_status":"open","ping_status":"open","sticky":false,"template":"","format":"standard","meta":{"iawp_total_views":0,"footnotes":""},"categories":[5],"tags":[],"class_list":["post-2567","post","type-post","status-publish","format-standard","hentry","category-blog-oeno"],"_links":{"self":[{"href":"https:\/\/latelierdemassieux.fr\/index.php\/wp-json\/wp\/v2\/posts\/2567","targetHints":{"allow":["GET"]}}],"collection":[{"href":"https:\/\/latelierdemassieux.fr\/index.php\/wp-json\/wp\/v2\/posts"}],"about":[{"href":"https:\/\/latelierdemassieux.fr\/index.php\/wp-json\/wp\/v2\/types\/post"}],"author":[{"embeddable":true,"href":"https:\/\/latelierdemassieux.fr\/index.php\/wp-json\/wp\/v2\/users\/1"}],"replies":[{"embeddable":true,"href":"https:\/\/latelierdemassieux.fr\/index.php\/wp-json\/wp\/v2\/comments?post=2567"}],"version-history":[{"count":4,"href":"https:\/\/latelierdemassieux.fr\/index.php\/wp-json\/wp\/v2\/posts\/2567\/revisions"}],"predecessor-version":[{"id":2597,"href":"https:\/\/latelierdemassieux.fr\/index.php\/wp-json\/wp\/v2\/posts\/2567\/revisions\/2597"}],"wp:attachment":[{"href":"https:\/\/latelierdemassieux.fr\/index.php\/wp-json\/wp\/v2\/media?parent=2567"}],"wp:term":[{"taxonomy":"category","embeddable":true,"href":"https:\/\/latelierdemassieux.fr\/index.php\/wp-json\/wp\/v2\/categories?post=2567"},{"taxonomy":"post_tag","embeddable":true,"href":"https:\/\/latelierdemassieux.fr\/index.php\/wp-json\/wp\/v2\/tags?post=2567"}],"curies":[{"name":"wp","href":"https:\/\/api.w.org\/{rel}","templated":true}]}}