{"id":2622,"date":"2024-04-12T16:11:15","date_gmt":"2024-04-12T14:11:15","guid":{"rendered":"http:\/\/latelierdemassieux.fr\/?p=2622"},"modified":"2024-04-30T14:59:47","modified_gmt":"2024-04-30T12:59:47","slug":"atelier-bien-etre-en-famille","status":"publish","type":"post","link":"https:\/\/latelierdemassieux.fr\/index.php\/2024\/04\/12\/atelier-bien-etre-en-famille\/","title":{"rendered":"ATELIER BIEN ETRE EN FAMILLE"},"content":{"rendered":"\n<figure class=\"wp-block-image size-large\"><img loading=\"lazy\" decoding=\"async\" width=\"576\" height=\"1024\" src=\"https:\/\/latelierdemassieux.fr\/wp-content\/uploads\/2024\/04\/Atelier-vacances-printemps-576x1024.jpg\" alt=\"\" class=\"wp-image-2623\" srcset=\"https:\/\/latelierdemassieux.fr\/wp-content\/uploads\/2024\/04\/Atelier-vacances-printemps-576x1024.jpg 576w, https:\/\/latelierdemassieux.fr\/wp-content\/uploads\/2024\/04\/Atelier-vacances-printemps-169x300.jpg 169w, https:\/\/latelierdemassieux.fr\/wp-content\/uploads\/2024\/04\/Atelier-vacances-printemps-768x1365.jpg 768w, https:\/\/latelierdemassieux.fr\/wp-content\/uploads\/2024\/04\/Atelier-vacances-printemps-864x1536.jpg 864w, https:\/\/latelierdemassieux.fr\/wp-content\/uploads\/2024\/04\/Atelier-vacances-printemps.jpg 1080w\" sizes=\"auto, (max-width: 576px) 100vw, 576px\" \/><\/figure>\n\n\n\n<p>Cet atelier est destin\u00e9 \u00e0 aider les parents &nbsp;\u00e0 prendre connaissance de l\u2019importance du toucher et du mouvement dans le d\u00e9veloppement de l\u2019enfant et \u00e0 les initier \u00e0 certaines activit\u00e9s ludiques \u00e0 r\u00e9aliser en famille.<\/p>\n\n\n\n<p>Il va permettre de d\u00e9montrer aux parents &nbsp;que leurs enfants apprennent mieux lorsqu\u2019ils bougent et utilisent de fa\u00e7on saine leur sens du toucher.<\/p>\n\n\n\n<p>Une heure de pause et de connexion en famille, ce qui va renforcer les liens, la s\u00e9curit\u00e9 et la d\u00e9couverte de plein d\u2019outils faciles \u00e0 r\u00e9utiliser au quotidien&nbsp;!<\/p>\n\n\n\n<p>Atelier ouvert aux enfants de + de 2 ans &nbsp;<\/p>\n\n\n\n<p>Tarif 25\u20ac pour un duo parents (ou grands-parents) enfants (dont 5\u20ac de cotisation \u00e0 l\u2019association par famille) et 5\u20ac par enfant suppl\u00e9mentaire.<\/p>\n\n\n\n<p>Lieu&nbsp;: 2 chemin des Dorriers 01600 MASSIEUX<\/p>\n\n\n\n<p>Dates&nbsp;: 25 et 26 avril 9h30 ou 11h00 ou 14h30 ou 16h00<\/p>\n\n\n\n<p class=\"has-accent-color has-text-color\">Inscriptions: <a href=\"https:\/\/www.resalib.fr\/praticien\/62413-nathalie-portron-praticien-en-integration-des-reflexes-archaiques-reyrieux\">https:\/\/www.resalib.fr\/praticien\/62413-nathalie-portron-praticien-en-integration-des-reflexes-archaiques-reyrieux<\/a> PRENDRE RV ATELIER BIEN ETRE EN FAMILLE et choisir la date et l&rsquo;heure.<\/p>\n","protected":false},"excerpt":{"rendered":"<p>Cet atelier est destin\u00e9 \u00e0 aider les parents &nbsp;\u00e0 prendre connaissance de l\u2019importance du toucher et du mouvement dans le d\u00e9veloppement de l\u2019enfant et \u00e0 les initier \u00e0 certaines activit\u00e9s ludiques \u00e0 r\u00e9aliser en famille. Il va permettre de d\u00e9montrer aux parents &nbsp;que leurs enfants apprennent mieux lorsqu\u2019ils bougent et utilisent de fa\u00e7on saine leur [&hellip;]<\/p>\n","protected":false},"author":1,"featured_media":0,"comment_status":"open","ping_status":"open","sticky":false,"template":"","format":"standard","meta":{"iawp_total_views":0,"footnotes":""},"categories":[7],"tags":[],"class_list":["post-2622","post","type-post","status-publish","format-standard","hentry","category-blog-pedagogie-positive"],"_links":{"self":[{"href":"https:\/\/latelierdemassieux.fr\/index.php\/wp-json\/wp\/v2\/posts\/2622","targetHints":{"allow":["GET"]}}],"collection":[{"href":"https:\/\/latelierdemassieux.fr\/index.php\/wp-json\/wp\/v2\/posts"}],"about":[{"href":"https:\/\/latelierdemassieux.fr\/index.php\/wp-json\/wp\/v2\/types\/post"}],"author":[{"embeddable":true,"href":"https:\/\/latelierdemassieux.fr\/index.php\/wp-json\/wp\/v2\/users\/1"}],"replies":[{"embeddable":true,"href":"https:\/\/latelierdemassieux.fr\/index.php\/wp-json\/wp\/v2\/comments?post=2622"}],"version-history":[{"count":7,"href":"https:\/\/latelierdemassieux.fr\/index.php\/wp-json\/wp\/v2\/posts\/2622\/revisions"}],"predecessor-version":[{"id":2670,"href":"https:\/\/latelierdemassieux.fr\/index.php\/wp-json\/wp\/v2\/posts\/2622\/revisions\/2670"}],"wp:attachment":[{"href":"https:\/\/latelierdemassieux.fr\/index.php\/wp-json\/wp\/v2\/media?parent=2622"}],"wp:term":[{"taxonomy":"category","embeddable":true,"href":"https:\/\/latelierdemassieux.fr\/index.php\/wp-json\/wp\/v2\/categories?post=2622"},{"taxonomy":"post_tag","embeddable":true,"href":"https:\/\/latelierdemassieux.fr\/index.php\/wp-json\/wp\/v2\/tags?post=2622"}],"curies":[{"name":"wp","href":"https:\/\/api.w.org\/{rel}","templated":true}]}}