{"id":3060,"date":"2025-08-27T20:39:00","date_gmt":"2025-08-27T18:39:00","guid":{"rendered":"http:\/\/latelierdemassieux.fr\/?p=3060"},"modified":"2025-09-01T18:37:48","modified_gmt":"2025-09-01T16:37:48","slug":"yoga","status":"publish","type":"post","link":"https:\/\/latelierdemassieux.fr\/index.php\/2025\/08\/27\/yoga\/","title":{"rendered":"Info yoga !"},"content":{"rendered":"\n<p>Laetitia vous proposera pour cette saison 2025\/2026, <strong>2 s\u00e9ances<\/strong> de yoga<\/p>\n\n\n<div class=\"wp-block-image\">\n<figure class=\"aligncenter size-full is-resized\"><img loading=\"lazy\" decoding=\"async\" width=\"640\" height=\"427\" src=\"http:\/\/latelierdemassieux.fr\/wp-content\/uploads\/2024\/09\/woman-2573216_640.jpg\" alt=\"\" class=\"wp-image-3114\" style=\"width:262px;height:auto\" srcset=\"https:\/\/latelierdemassieux.fr\/wp-content\/uploads\/2024\/09\/woman-2573216_640.jpg 640w, https:\/\/latelierdemassieux.fr\/wp-content\/uploads\/2024\/09\/woman-2573216_640-300x200.jpg 300w\" sizes=\"auto, (max-width: 640px) 100vw, 640px\" \/><\/figure><\/div>\n\n\n<p class=\"has-text-align-center\">Le lundi  : <strong>de 18h30 \u00e0 20h<\/strong><\/p>\n\n\n\n<p class=\"has-text-align-center\">Le mardi  : <strong>de 19h \u00e0 20h30<\/strong><\/p>\n\n\n\n<p class=\"has-text-align-center\">Lieu : <strong>ancienne biblioth\u00e8que <\/strong><\/p>\n\n\n\n<p class=\"has-text-align-center\">Premi\u00e8res s\u00e9ances: <strong>semaine du 15 septembre<\/strong><\/p>\n\n\n\n<p><strong>Inscriptions: <\/strong>Laetitia PEILLOT<br>mayura.shala@orange.fr<br>T\u00e9l : 06 33 65 58 49<\/p>\n\n\n<div class=\"wp-block-image\">\n<figure class=\"aligncenter size-full is-resized\"><img loading=\"lazy\" decoding=\"async\" width=\"621\" height=\"806\" src=\"http:\/\/latelierdemassieux.fr\/wp-content\/uploads\/2024\/09\/IMG-20230907-WA0066-1.jpg\" alt=\"\" class=\"wp-image-3063\" style=\"width:131px;height:auto\" srcset=\"https:\/\/latelierdemassieux.fr\/wp-content\/uploads\/2024\/09\/IMG-20230907-WA0066-1.jpg 621w, https:\/\/latelierdemassieux.fr\/wp-content\/uploads\/2024\/09\/IMG-20230907-WA0066-1-231x300.jpg 231w\" sizes=\"auto, (max-width: 621px) 100vw, 621px\" \/><\/figure><\/div>\n\n\n<p><strong>Et pour en savoir plus<\/strong> : <a href=\"https:\/\/latelierdemassieux.fr\/index.php\/yoga\/\">https:\/\/latelierdemassieux.fr\/index.php\/yoga\/<\/a><\/p>\n","protected":false},"excerpt":{"rendered":"<p>Laetitia vous proposera pour cette saison 2025\/2026, 2 s\u00e9ances de yoga Le lundi : de 18h30 \u00e0 20h Le mardi : de 19h \u00e0 20h30 Lieu : ancienne biblioth\u00e8que Premi\u00e8res s\u00e9ances: semaine du 15 septembre Inscriptions: Laetitia PEILLOTmayura.shala@orange.frT\u00e9l : 06 33 65 58 49 Et pour en savoir plus : https:\/\/latelierdemassieux.fr\/index.php\/yoga\/<\/p>\n","protected":false},"author":1,"featured_media":0,"comment_status":"closed","ping_status":"closed","sticky":false,"template":"","format":"standard","meta":{"iawp_total_views":8,"footnotes":""},"categories":[8],"tags":[],"class_list":["post-3060","post","type-post","status-publish","format-standard","hentry","category-blog-yoga"],"_links":{"self":[{"href":"https:\/\/latelierdemassieux.fr\/index.php\/wp-json\/wp\/v2\/posts\/3060","targetHints":{"allow":["GET"]}}],"collection":[{"href":"https:\/\/latelierdemassieux.fr\/index.php\/wp-json\/wp\/v2\/posts"}],"about":[{"href":"https:\/\/latelierdemassieux.fr\/index.php\/wp-json\/wp\/v2\/types\/post"}],"author":[{"embeddable":true,"href":"https:\/\/latelierdemassieux.fr\/index.php\/wp-json\/wp\/v2\/users\/1"}],"replies":[{"embeddable":true,"href":"https:\/\/latelierdemassieux.fr\/index.php\/wp-json\/wp\/v2\/comments?post=3060"}],"version-history":[{"count":10,"href":"https:\/\/latelierdemassieux.fr\/index.php\/wp-json\/wp\/v2\/posts\/3060\/revisions"}],"predecessor-version":[{"id":3832,"href":"https:\/\/latelierdemassieux.fr\/index.php\/wp-json\/wp\/v2\/posts\/3060\/revisions\/3832"}],"wp:attachment":[{"href":"https:\/\/latelierdemassieux.fr\/index.php\/wp-json\/wp\/v2\/media?parent=3060"}],"wp:term":[{"taxonomy":"category","embeddable":true,"href":"https:\/\/latelierdemassieux.fr\/index.php\/wp-json\/wp\/v2\/categories?post=3060"},{"taxonomy":"post_tag","embeddable":true,"href":"https:\/\/latelierdemassieux.fr\/index.php\/wp-json\/wp\/v2\/tags?post=3060"}],"curies":[{"name":"wp","href":"https:\/\/api.w.org\/{rel}","templated":true}]}}