{"id":3331,"date":"2024-12-22T14:46:51","date_gmt":"2024-12-22T13:46:51","guid":{"rendered":"http:\/\/latelierdemassieux.fr\/?p=3331"},"modified":"2025-02-02T23:43:44","modified_gmt":"2025-02-02T22:43:44","slug":"atelier-intergenerationnel","status":"publish","type":"post","link":"https:\/\/latelierdemassieux.fr\/index.php\/2024\/12\/22\/atelier-intergenerationnel\/","title":{"rendered":"Atelier interg\u00e9n\u00e9rationnel"},"content":{"rendered":"\n<figure class=\"wp-block-image size-large\"><img loading=\"lazy\" decoding=\"async\" width=\"724\" height=\"1024\" src=\"http:\/\/latelierdemassieux.fr\/wp-content\/uploads\/2024\/12\/Atelier-mouvements-18-janvier-724x1024.png\" alt=\"\" class=\"wp-image-3332\" srcset=\"https:\/\/latelierdemassieux.fr\/wp-content\/uploads\/2024\/12\/Atelier-mouvements-18-janvier-724x1024.png 724w, https:\/\/latelierdemassieux.fr\/wp-content\/uploads\/2024\/12\/Atelier-mouvements-18-janvier-212x300.png 212w, https:\/\/latelierdemassieux.fr\/wp-content\/uploads\/2024\/12\/Atelier-mouvements-18-janvier-768x1086.png 768w, https:\/\/latelierdemassieux.fr\/wp-content\/uploads\/2024\/12\/Atelier-mouvements-18-janvier-1086x1536.png 1086w, https:\/\/latelierdemassieux.fr\/wp-content\/uploads\/2024\/12\/Atelier-mouvements-18-janvier-1200x1697.png 1200w, https:\/\/latelierdemassieux.fr\/wp-content\/uploads\/2024\/12\/Atelier-mouvements-18-janvier.png 1414w\" sizes=\"auto, (max-width: 724px) 100vw, 724px\" \/><\/figure>\n\n\n\n<p>\u00ab\u00a0Le mouvement c&rsquo;est la vie!\u00a0\u00bb<\/p>\n\n\n\n<p>J\u2019aurai le plaisir d\u2019animer le deuxi\u00e8me atelier interg\u00e9n\u00e9rationnel organis\u00e9 par l&rsquo;Atelier de Massieux le samedi 18 janvier de 15h30 \u00e0 17h00.<\/p>\n\n\n\n<p>Des ateliers tout public de tous \u00e2ges de 3 \u00e0 99 ans afin de mettre du bien \u00eatre dans son quotidien par le mouvement.<\/p>\n\n\n\n<p><a><\/a>Objectifs: Transmettre des exercices ludiques, simples pour se sentir bien dans sa t\u00eate, dans ses \u00e9motions et dans son corps tout en favorisant le lien social, interg\u00e9n\u00e9rationnel et la convivialit\u00e9.<\/p>\n\n\n\n<p>Programme: mouvements avec des exercices ludiques qui seront faciles \u00e0 refaire au quotidien \u00e0 la maison, \u00e0 l&rsquo;\u00e9cole, pour les devoirs ou en famille afin de travailler la coordination et la lat\u00e9ralit\u00e9.<\/p>\n\n\n\n<p>Quand: samedi 18 janvier de 15h30 \u00e0 17h00<\/p>\n\n\n\n<p>Co\u00fbt: 30\u20ac l&rsquo;atelier + 5\u20ac frais adh\u00e9sion (hors membres Atelier) remise de 10% sur co\u00fbt total si plusieurs membres d&rsquo;une m\u00eame famille.<\/p>\n\n\n\n<p>Lieu: salle de peinture 2 chemin des Dorriers 01600 Massieux<\/p>\n\n\n\n<p>Inscriptions: <a href=\"mailto:latelierdemassieux@gmail.com\">latelierdemassieux@gmail.com<\/a><\/p>\n\n\n\n<p>D\u00e9p\u00eachez vous car les places sont limit\u00e9es!<\/p>\n","protected":false},"excerpt":{"rendered":"<p>\u00ab\u00a0Le mouvement c&rsquo;est la vie!\u00a0\u00bb J\u2019aurai le plaisir d\u2019animer le deuxi\u00e8me atelier interg\u00e9n\u00e9rationnel organis\u00e9 par l&rsquo;Atelier de Massieux le samedi 18 janvier de 15h30 \u00e0 17h00. Des ateliers tout public de tous \u00e2ges de 3 \u00e0 99 ans afin de mettre du bien \u00eatre dans son quotidien par le mouvement. Objectifs: Transmettre des exercices ludiques, [&hellip;]<\/p>\n","protected":false},"author":1,"featured_media":0,"comment_status":"open","ping_status":"open","sticky":false,"template":"","format":"standard","meta":{"iawp_total_views":0,"footnotes":""},"categories":[7],"tags":[],"class_list":["post-3331","post","type-post","status-publish","format-standard","hentry","category-blog-pedagogie-positive"],"_links":{"self":[{"href":"https:\/\/latelierdemassieux.fr\/index.php\/wp-json\/wp\/v2\/posts\/3331","targetHints":{"allow":["GET"]}}],"collection":[{"href":"https:\/\/latelierdemassieux.fr\/index.php\/wp-json\/wp\/v2\/posts"}],"about":[{"href":"https:\/\/latelierdemassieux.fr\/index.php\/wp-json\/wp\/v2\/types\/post"}],"author":[{"embeddable":true,"href":"https:\/\/latelierdemassieux.fr\/index.php\/wp-json\/wp\/v2\/users\/1"}],"replies":[{"embeddable":true,"href":"https:\/\/latelierdemassieux.fr\/index.php\/wp-json\/wp\/v2\/comments?post=3331"}],"version-history":[{"count":1,"href":"https:\/\/latelierdemassieux.fr\/index.php\/wp-json\/wp\/v2\/posts\/3331\/revisions"}],"predecessor-version":[{"id":3333,"href":"https:\/\/latelierdemassieux.fr\/index.php\/wp-json\/wp\/v2\/posts\/3331\/revisions\/3333"}],"wp:attachment":[{"href":"https:\/\/latelierdemassieux.fr\/index.php\/wp-json\/wp\/v2\/media?parent=3331"}],"wp:term":[{"taxonomy":"category","embeddable":true,"href":"https:\/\/latelierdemassieux.fr\/index.php\/wp-json\/wp\/v2\/categories?post=3331"},{"taxonomy":"post_tag","embeddable":true,"href":"https:\/\/latelierdemassieux.fr\/index.php\/wp-json\/wp\/v2\/tags?post=3331"}],"curies":[{"name":"wp","href":"https:\/\/api.w.org\/{rel}","templated":true}]}}