{"id":3790,"date":"2025-08-27T22:20:11","date_gmt":"2025-08-27T20:20:11","guid":{"rendered":"https:\/\/latelierdemassieux.fr\/?p=3790"},"modified":"2025-08-27T22:25:58","modified_gmt":"2025-08-27T20:25:58","slug":"reunion-de-rentree","status":"publish","type":"post","link":"https:\/\/latelierdemassieux.fr\/index.php\/2025\/08\/27\/reunion-de-rentree\/","title":{"rendered":"R\u00e9union de rentr\u00e9e"},"content":{"rendered":"\n<p>Ce mercredi soir, s&rsquo;est tenue la r\u00e9union de rentr\u00e9e de L&rsquo;ATELIER avec les membres du Bureau et les responsables des diff\u00e9rents clubs.<\/p>\n\n\n\n<figure class=\"wp-block-image size-full\"><img loading=\"lazy\" decoding=\"async\" width=\"765\" height=\"774\" src=\"https:\/\/latelierdemassieux.fr\/wp-content\/uploads\/2025\/08\/IMG_20250827_215731-2.jpg\" alt=\"\" class=\"wp-image-3794\" srcset=\"https:\/\/latelierdemassieux.fr\/wp-content\/uploads\/2025\/08\/IMG_20250827_215731-2.jpg 765w, https:\/\/latelierdemassieux.fr\/wp-content\/uploads\/2025\/08\/IMG_20250827_215731-2-297x300.jpg 297w\" sizes=\"auto, (max-width: 765px) 100vw, 765px\" \/><\/figure>\n\n\n\n<p class=\"has-text-align-center\">Merci de noter dans vos agendas ces                                                                                                          dates importantes pour notre association :<\/p>\n\n\n\n<p>&#8211;<strong>Samedi 6 septembre<\/strong>: forum des associations d\u00e8s 15h (Eco-parc)<\/p>\n\n\n\n<p>&#8211;<strong>Jeudi 25 septembre<\/strong>: Assembl\u00e9e G\u00e9n\u00e9rale \u00e0 20h (salle de peinture) <\/p>\n\n\n\n<p>&#8211;<strong>Samedi 28 f\u00e9vrier<\/strong> : soir\u00e9e des 30 ans de L&rsquo;ATELIER (salle polyvalente)<\/p>\n\n\n\n<p>&#8211;<strong>Les 5, 6 et 7 juin 2026<\/strong> : week-end de L&rsquo;Atelier<\/p>\n\n\n\n<p>&#8211;<strong>Vendredi 26 juin 2026<\/strong> : BBQ <\/p>\n\n\n\n<p class=\"has-text-align-center\">A tr\u00e8s vite, bonne rentr\u00e9e \u00e0 toutes et tous !<\/p>\n\n\n\n<p><\/p>\n","protected":false},"excerpt":{"rendered":"<p>Ce mercredi soir, s&rsquo;est tenue la r\u00e9union de rentr\u00e9e de L&rsquo;ATELIER avec les membres du Bureau et les responsables des diff\u00e9rents clubs. Merci de noter dans vos agendas ces dates importantes pour notre association : &#8211;Samedi 6 septembre: forum des associations d\u00e8s 15h (Eco-parc) &#8211;Jeudi 25 septembre: Assembl\u00e9e G\u00e9n\u00e9rale \u00e0 20h (salle de peinture) &#8211;Samedi [&hellip;]<\/p>\n","protected":false},"author":1,"featured_media":0,"comment_status":"closed","ping_status":"closed","sticky":false,"template":"","format":"standard","meta":{"iawp_total_views":8,"footnotes":""},"categories":[1],"tags":[],"class_list":["post-3790","post","type-post","status-publish","format-standard","hentry","category-non-classe"],"_links":{"self":[{"href":"https:\/\/latelierdemassieux.fr\/index.php\/wp-json\/wp\/v2\/posts\/3790","targetHints":{"allow":["GET"]}}],"collection":[{"href":"https:\/\/latelierdemassieux.fr\/index.php\/wp-json\/wp\/v2\/posts"}],"about":[{"href":"https:\/\/latelierdemassieux.fr\/index.php\/wp-json\/wp\/v2\/types\/post"}],"author":[{"embeddable":true,"href":"https:\/\/latelierdemassieux.fr\/index.php\/wp-json\/wp\/v2\/users\/1"}],"replies":[{"embeddable":true,"href":"https:\/\/latelierdemassieux.fr\/index.php\/wp-json\/wp\/v2\/comments?post=3790"}],"version-history":[{"count":2,"href":"https:\/\/latelierdemassieux.fr\/index.php\/wp-json\/wp\/v2\/posts\/3790\/revisions"}],"predecessor-version":[{"id":3795,"href":"https:\/\/latelierdemassieux.fr\/index.php\/wp-json\/wp\/v2\/posts\/3790\/revisions\/3795"}],"wp:attachment":[{"href":"https:\/\/latelierdemassieux.fr\/index.php\/wp-json\/wp\/v2\/media?parent=3790"}],"wp:term":[{"taxonomy":"category","embeddable":true,"href":"https:\/\/latelierdemassieux.fr\/index.php\/wp-json\/wp\/v2\/categories?post=3790"},{"taxonomy":"post_tag","embeddable":true,"href":"https:\/\/latelierdemassieux.fr\/index.php\/wp-json\/wp\/v2\/tags?post=3790"}],"curies":[{"name":"wp","href":"https:\/\/api.w.org\/{rel}","templated":true}]}}