{"id":3948,"date":"2025-10-06T21:17:34","date_gmt":"2025-10-06T19:17:34","guid":{"rendered":"https:\/\/latelierdemassieux.fr\/?p=3948"},"modified":"2025-10-06T21:19:30","modified_gmt":"2025-10-06T19:19:30","slug":"seance-du-24-septembre","status":"publish","type":"post","link":"https:\/\/latelierdemassieux.fr\/index.php\/2025\/10\/06\/seance-du-24-septembre\/","title":{"rendered":"S\u00e9ance du 24 septembre"},"content":{"rendered":"\n<p><em>C&rsquo;est avec un effectif de <strong><u>30 personnes<\/u><\/strong> que notre <strong>club d\u2019\u0153nologie<\/strong> a d\u00e9marr\u00e9 sa nouvelle <strong>saison 2025\/2026.<\/strong><\/em> <em>Nous \u00e9tions\u00a0 particuli\u00e8rement ravis de nous retrouver apr\u00e8s cette longue p\u00e9riode d\u2019interruption.<\/em><\/p>\n\n\n<div class=\"wp-block-image\">\n<figure class=\"aligncenter size-full\"><img loading=\"lazy\" decoding=\"async\" width=\"796\" height=\"447\" src=\"https:\/\/latelierdemassieux.fr\/wp-content\/uploads\/2025\/10\/2.jpg\" alt=\"\" class=\"wp-image-3955\" srcset=\"https:\/\/latelierdemassieux.fr\/wp-content\/uploads\/2025\/10\/2.jpg 796w, https:\/\/latelierdemassieux.fr\/wp-content\/uploads\/2025\/10\/2-300x168.jpg 300w, https:\/\/latelierdemassieux.fr\/wp-content\/uploads\/2025\/10\/2-768x431.jpg 768w\" sizes=\"auto, (max-width: 796px) 100vw, 796px\" \/><\/figure><\/div>\n\n\n<p><em>Nous avons eu le plaisir, \u00e9galement, d\u2019accueillir <strong><u>4 nouveaux adh\u00e9rents<\/u><\/strong> et leur souhaitons la bienvenue accompagn\u00e9e d\u2019une saison riche de belles et intenses \u00e9motions.<\/em><\/p>\n\n\n<div class=\"wp-block-image\">\n<figure class=\"aligncenter size-large is-resized\"><img loading=\"lazy\" decoding=\"async\" width=\"1024\" height=\"761\" src=\"https:\/\/latelierdemassieux.fr\/wp-content\/uploads\/2025\/10\/5-1024x761.jpg\" alt=\"\" class=\"wp-image-3956\" style=\"width:378px;height:auto\" srcset=\"https:\/\/latelierdemassieux.fr\/wp-content\/uploads\/2025\/10\/5-1024x761.jpg 1024w, https:\/\/latelierdemassieux.fr\/wp-content\/uploads\/2025\/10\/5-300x223.jpg 300w, https:\/\/latelierdemassieux.fr\/wp-content\/uploads\/2025\/10\/5-768x571.jpg 768w, https:\/\/latelierdemassieux.fr\/wp-content\/uploads\/2025\/10\/5.jpg 1175w\" sizes=\"auto, (max-width: 1024px) 100vw, 1024px\" \/><\/figure><\/div>\n\n\n<p><strong><em><u>Le Chardonnay, d\u00e9part de notre tour viticole\u2026<\/u><\/em><\/strong><\/p>\n\n\n\n<p><em>Indissociable de la Bourgogne, le <strong><u>Chardonna<\/u>y<\/strong> a \u00e9t\u00e9 au centre de notre premi\u00e8re d\u00e9gustation de ce mercredi 24 septembre 2025. Nous avons pu aussi appr\u00e9cier ses qualit\u00e9s gustatives \u00e0 travers d\u2019autres r\u00e9gions fran\u00e7aises et mondiales, produisant des vins blancs \u00e9l\u00e9gants et complexes, avec une grande vari\u00e9t\u00e9 de styles.<\/em><strong><em>&nbsp;&nbsp; <\/em><\/strong><strong><em><\/em><\/strong><\/p>\n\n\n\n\n<div class=\"wp-block-image\">\n<figure class=\"aligncenter size-large\"><img loading=\"lazy\" decoding=\"async\" width=\"1024\" height=\"452\" src=\"https:\/\/latelierdemassieux.fr\/wp-content\/uploads\/2025\/10\/4-1024x452.jpg\" alt=\"\" class=\"wp-image-3958\" srcset=\"https:\/\/latelierdemassieux.fr\/wp-content\/uploads\/2025\/10\/4-1024x452.jpg 1024w, https:\/\/latelierdemassieux.fr\/wp-content\/uploads\/2025\/10\/4-300x132.jpg 300w, https:\/\/latelierdemassieux.fr\/wp-content\/uploads\/2025\/10\/4-768x339.jpg 768w, https:\/\/latelierdemassieux.fr\/wp-content\/uploads\/2025\/10\/4-1200x530.jpg 1200w, https:\/\/latelierdemassieux.fr\/wp-content\/uploads\/2025\/10\/4.jpg 1271w\" sizes=\"auto, (max-width: 1024px) 100vw, 1024px\" \/><\/figure><\/div>\n\n\n<p><em>C\u2019est en d\u00e9gustant 8 vins \u00e0 l\u2019aveugle que chacun a pu exprimer son opinion suivant ses impressions, et d\u00e9signer ses coups de c\u0153ur&nbsp;! <\/em><em><\/em><\/p>\n\n\n\n<p><em>Si les r\u00e9ponses ont \u00e9t\u00e9 plut\u00f4t partag\u00e9es, 2 Chardonnays se sont d\u00e9tach\u00e9s \u00e0 l\u2019issue de cette d\u00e9gustation. Apr\u00e8s, ce serait amusant de renouveler la m\u00eame d\u00e9gustation afin de comparer et voir \u00e0 confirmer ces r\u00e9sultats\u00a0!<\/em><\/p>\n\n\n<div class=\"wp-block-image\">\n<figure class=\"aligncenter size-full is-resized\"><img loading=\"lazy\" decoding=\"async\" width=\"715\" height=\"953\" src=\"https:\/\/latelierdemassieux.fr\/wp-content\/uploads\/2025\/10\/1.jpg\" alt=\"\" class=\"wp-image-3961\" style=\"width:242px;height:auto\" srcset=\"https:\/\/latelierdemassieux.fr\/wp-content\/uploads\/2025\/10\/1.jpg 715w, https:\/\/latelierdemassieux.fr\/wp-content\/uploads\/2025\/10\/1-225x300.jpg 225w\" sizes=\"auto, (max-width: 715px) 100vw, 715px\" \/><\/figure><\/div>\n\n<div class=\"wp-block-image\">\n<figure class=\"aligncenter size-large\"><img loading=\"lazy\" decoding=\"async\" width=\"1024\" height=\"428\" src=\"https:\/\/latelierdemassieux.fr\/wp-content\/uploads\/2025\/10\/6-1024x428.jpg\" alt=\"\" class=\"wp-image-3959\" srcset=\"https:\/\/latelierdemassieux.fr\/wp-content\/uploads\/2025\/10\/6-1024x428.jpg 1024w, https:\/\/latelierdemassieux.fr\/wp-content\/uploads\/2025\/10\/6-300x125.jpg 300w, https:\/\/latelierdemassieux.fr\/wp-content\/uploads\/2025\/10\/6-768x321.jpg 768w, https:\/\/latelierdemassieux.fr\/wp-content\/uploads\/2025\/10\/6-1536x642.jpg 1536w, https:\/\/latelierdemassieux.fr\/wp-content\/uploads\/2025\/10\/6-1200x502.jpg 1200w, https:\/\/latelierdemassieux.fr\/wp-content\/uploads\/2025\/10\/6.jpg 1559w\" sizes=\"auto, (max-width: 1024px) 100vw, 1024px\" \/><\/figure><\/div>\n\n\n<p><em>La saison est bel et bien lanc\u00e9e, et nous vous donnons d\u00e9j\u00e0 <strong><u>rendez-vous le mercredi 15 octobre <\/u><\/strong>pour une s\u00e9ance consacr\u00e9e aux <strong>grands crus du Beaujolais et \u00e0 son embl\u00e9matique c\u00e9page Gamay.<\/strong><\/em><\/p>\n\n\n\n<p><em>A tr\u00e8s bient\u00f4t donc.<\/em><em><\/em><\/p>\n\n\n<div class=\"wp-block-image\">\n<figure class=\"aligncenter size-full is-resized\"><img loading=\"lazy\" decoding=\"async\" width=\"789\" height=\"682\" src=\"https:\/\/latelierdemassieux.fr\/wp-content\/uploads\/2025\/10\/7.jpg\" alt=\"\" class=\"wp-image-3960\" style=\"width:434px;height:auto\" srcset=\"https:\/\/latelierdemassieux.fr\/wp-content\/uploads\/2025\/10\/7.jpg 789w, https:\/\/latelierdemassieux.fr\/wp-content\/uploads\/2025\/10\/7-300x259.jpg 300w, https:\/\/latelierdemassieux.fr\/wp-content\/uploads\/2025\/10\/7-768x664.jpg 768w\" sizes=\"auto, (max-width: 789px) 100vw, 789px\" \/><\/figure><\/div>\n\n\n<p><em>Alain.<\/em><em><\/em><\/p>\n","protected":false},"excerpt":{"rendered":"<p>C&rsquo;est avec un effectif de 30 personnes que notre club d\u2019\u0153nologie a d\u00e9marr\u00e9 sa nouvelle saison 2025\/2026. Nous \u00e9tions\u00a0 particuli\u00e8rement ravis de nous retrouver apr\u00e8s cette longue p\u00e9riode d\u2019interruption. Nous avons eu le plaisir, \u00e9galement, d\u2019accueillir 4 nouveaux adh\u00e9rents et leur souhaitons la bienvenue accompagn\u00e9e d\u2019une saison riche de belles et intenses \u00e9motions. Le Chardonnay, [&hellip;]<\/p>\n","protected":false},"author":1,"featured_media":0,"comment_status":"closed","ping_status":"closed","sticky":false,"template":"","format":"standard","meta":{"iawp_total_views":12,"footnotes":""},"categories":[5],"tags":[],"class_list":["post-3948","post","type-post","status-publish","format-standard","hentry","category-blog-oeno"],"_links":{"self":[{"href":"https:\/\/latelierdemassieux.fr\/index.php\/wp-json\/wp\/v2\/posts\/3948","targetHints":{"allow":["GET"]}}],"collection":[{"href":"https:\/\/latelierdemassieux.fr\/index.php\/wp-json\/wp\/v2\/posts"}],"about":[{"href":"https:\/\/latelierdemassieux.fr\/index.php\/wp-json\/wp\/v2\/types\/post"}],"author":[{"embeddable":true,"href":"https:\/\/latelierdemassieux.fr\/index.php\/wp-json\/wp\/v2\/users\/1"}],"replies":[{"embeddable":true,"href":"https:\/\/latelierdemassieux.fr\/index.php\/wp-json\/wp\/v2\/comments?post=3948"}],"version-history":[{"count":2,"href":"https:\/\/latelierdemassieux.fr\/index.php\/wp-json\/wp\/v2\/posts\/3948\/revisions"}],"predecessor-version":[{"id":3964,"href":"https:\/\/latelierdemassieux.fr\/index.php\/wp-json\/wp\/v2\/posts\/3948\/revisions\/3964"}],"wp:attachment":[{"href":"https:\/\/latelierdemassieux.fr\/index.php\/wp-json\/wp\/v2\/media?parent=3948"}],"wp:term":[{"taxonomy":"category","embeddable":true,"href":"https:\/\/latelierdemassieux.fr\/index.php\/wp-json\/wp\/v2\/categories?post=3948"},{"taxonomy":"post_tag","embeddable":true,"href":"https:\/\/latelierdemassieux.fr\/index.php\/wp-json\/wp\/v2\/tags?post=3948"}],"curies":[{"name":"wp","href":"https:\/\/api.w.org\/{rel}","templated":true}]}}